{"id":1094,"date":"2023-10-30T16:57:09","date_gmt":"2023-10-30T15:57:09","guid":{"rendered":"https:\/\/desidedatum.com\/?p=1094"},"modified":"2023-10-30T17:53:22","modified_gmt":"2023-10-30T16:53:22","slug":"trobada-data-management-summit-2023","status":"publish","type":"post","link":"https:\/\/desidedatum.com\/ca\/trobada-data-management-summit-2023\/","title":{"rendered":"Trobada Data Management Summit 2023"},"content":{"rendered":"\n<p>El passat dia <strong>25 d&#8217;octubre del 2023<\/strong> es va celebrar a <strong>Bilbao <\/strong>l&#8217;esdeveniment anual <strong><a href=\"https:\/\/dms.synergo.es\/\">Data Management Summit 2023<\/a><\/strong>, organitzat per <em>Synergo!<\/em>, on ens v\u00e0rem reunir <strong>134 persones apassionades de les dades<\/strong>. Aquesta primera sessi\u00f3 estava destinada a l&#8217;administraci\u00f3 p\u00fablica.<\/p>\n\n\n\n<p>L&#8217;esdeveniment va comptar amb la pres\u00e8ncia de la <strong>Luc\u00eda Engo, presidenta de <a href=\"https:\/\/www.damaspain.org\/\">DAMA Espa\u00f1a<\/a><\/strong>, inaugurant la sessi\u00f3 i donant pas a <strong>8 pon\u00e8ncies, 2 taules rodones i 5 din\u00e0miques de grup<\/strong> on es va poder debatre sobre diferents temes.<\/p>\n\n\n\n<p>Entre les experi\u00e8ncies que es van relatar, es va presentar el model d&#8217;interoperabilitat entre el sector p\u00fablic i privat del govern d&#8217;Est\u00f2nia utilitzant <em>X-road<\/em>, i es va debatre sobre la possibilitat d&#8217;implementar aquest model al nostre pa\u00eds.<\/p>\n\n\n\n<p>Tamb\u00e9 ens agradaria destacar el model de govern de dades implantat per l&#8217;<strong>ISTAC, Instituto Canario de Estad\u00edstica<\/strong>, on es va presentar la infraestructura tecnol\u00f2gica amb el cat\u00e0leg d&#8217;actius sem\u00e0ntics publicat i el desenvolupament d&#8217;APIs que ofereixen per a la consulta de totes les dades que t\u00e9 l&#8217;ISTAC, incloent connectors que faciliten l&#8217;\u00fas de les APIs per a les eines de visualitzaci\u00f3 de dades (Tableau, Qlik&#8230;).<\/p>\n\n\n\n<p>Entre les diferents taules i pon\u00e8ncies es van presentar i debatre diferents enfocaments del govern i la gesti\u00f3 de les dades en les administracions p\u00fabliques. Es va posar \u00e8mfasi en la necessitat d&#8217;enfocar les dades cap a la ciutadania i el compliment de la normativa de transpar\u00e8ncia.<\/p>\n\n\n\n<p>D&#8217;altra banda, vam tenir l&#8217;oportunitat d&#8217;escoltar de primera m\u00e0 per part de l&#8217;<strong>Ismael Caballero<\/strong> la presentaci\u00f3 de les <strong>5 especificacions UNE<\/strong> que inclouen el <strong>govern de la dada<\/strong>, la <strong>gesti\u00f3 de la dada<\/strong>, la <strong>gesti\u00f3 de la qualitat de la dada<\/strong>, la <strong>guia d&#8217;avaluaci\u00f3 del govern i gesti\u00f3 de la qualitat de la dada<\/strong>, i la <strong>guia d&#8217;avaluaci\u00f3 de la qualitat d&#8217;un conjunt de dades<\/strong>.<\/p>\n\n\n\n<p>Entre les pon\u00e8ncies que es van realitzar podem destacar la pres\u00e8ncia d&#8217;alguns dels nostres clients:<\/p>\n\n\n\n<ul class=\"wp-block-list\">\n<li><strong>Lanbide<\/strong>: La import\u00e0ncia d&#8217;una estrat\u00e8gia de dades impulsada des de l&#8217;estrat\u00e8gia de l&#8217;organitzaci\u00f3, presentant aquesta estrat\u00e8gia i el seu model de treball en el govern de la dada<\/li>\n\n\n\n<li><strong>Govern de Navarra<\/strong>: Va presentar l&#8217;eina de govern de dades implantada en l&#8217;organitzaci\u00f3 i els casos d&#8217;\u00fas en els que estan treballant<\/li>\n<\/ul>\n\n\n\n<p>Molt agra\u00efts d&#8217;haver pogut participar en un dia tant productiu, on ens hem pogut trobar amb experts en dades i intercanviar coneixement i experi\u00e8ncies. Tenim moltes ganes de poder assistir a la propera edici\u00f3 del <strong>Data Management Summit<\/strong>!<\/p>\n","protected":false},"excerpt":{"rendered":"<p>El passat dia 25 d&#8217;octubre del 2023 es va celebrar a Bilbao l&#8217;esdeveniment anual Data Management Summit 2023, organitzat per Synergo!, on ens v\u00e0rem reunir 134 persones apassionades de les dades. Aquesta primera sessi\u00f3 estava destinada a l&#8217;administraci\u00f3 p\u00fablica. L&#8217;esdeveniment va comptar amb la pres\u00e8ncia de la Luc\u00eda Engo, presidenta de DAMA Espa\u00f1a, inaugurant la&nbsp; <a href=\"https:\/\/desidedatum.com\/ca\/trobada-data-management-summit-2023\/\">&hellip; Read more <i class=\"glyphicon glyphicon-arrow-right\"><\/i><\/a><\/p>\n","protected":false},"author":3,"featured_media":1096,"comment_status":"closed","ping_status":"open","sticky":false,"template":"","format":"standard","meta":{"om_disable_all_campaigns":false,"inline_featured_image":false,"_monsterinsights_skip_tracking":false,"_monsterinsights_sitenote_active":false,"_monsterinsights_sitenote_note":"","_monsterinsights_sitenote_category":0,"footnotes":""},"categories":[5],"class_list":["post-1094","post","type-post","status-publish","format-standard","has-post-thumbnail","hentry","category-uncategorized-ca"],"acf":[],"aioseo_notices":[],"yoast_head":"<!-- This site is optimized with the Yoast SEO plugin v20.2.1 - https:\/\/yoast.com\/wordpress\/plugins\/seo\/ -->\n<title>Trobada Data Management Summit 2023 - DesideDatum<\/title>\n<meta name=\"robots\" content=\"index, follow, max-snippet:-1, max-image-preview:large, max-video-preview:-1\" \/>\n<link rel=\"canonical\" href=\"https:\/\/desidedatum.com\/ca\/trobada-data-management-summit-2023\/\" \/>\n<meta property=\"og:locale\" content=\"ca_ES\" \/>\n<meta property=\"og:type\" content=\"article\" \/>\n<meta property=\"og:title\" content=\"Trobada Data Management Summit 2023 - DesideDatum\" \/>\n<meta property=\"og:description\" content=\"El passat dia 25 d&#8217;octubre del 2023 es va celebrar a Bilbao l&#8217;esdeveniment anual Data Management Summit 2023, organitzat per Synergo!, on ens v\u00e0rem reunir 134 persones apassionades de les dades. Aquesta primera sessi\u00f3 estava destinada a l&#8217;administraci\u00f3 p\u00fablica. L&#8217;esdeveniment va comptar amb la pres\u00e8ncia de la Luc\u00eda Engo, presidenta de DAMA Espa\u00f1a, inaugurant la&nbsp; &hellip; Read more\" \/>\n<meta property=\"og:url\" content=\"https:\/\/desidedatum.com\/ca\/trobada-data-management-summit-2023\/\" \/>\n<meta property=\"og:site_name\" content=\"DesideDatum\" \/>\n<meta property=\"article:published_time\" content=\"2023-10-30T15:57:09+00:00\" \/>\n<meta property=\"article:modified_time\" content=\"2023-10-30T16:53:22+00:00\" \/>\n<meta property=\"og:image\" content=\"https:\/\/desidedatum.com\/wp-content\/uploads\/2023\/10\/DMS-jpg.webp\" \/>\n\t<meta property=\"og:image:width\" content=\"2048\" \/>\n\t<meta property=\"og:image:height\" content=\"1536\" \/>\n\t<meta property=\"og:image:type\" content=\"image\/jpeg\" \/>\n<meta name=\"author\" content=\"Desidedatum\" \/>\n<meta name=\"twitter:card\" content=\"summary_large_image\" \/>\n<meta name=\"twitter:creator\" content=\"@desidedatum\" \/>\n<meta name=\"twitter:site\" content=\"@desidedatum\" \/>\n<meta name=\"twitter:label1\" content=\"Escrit per\" \/>\n\t<meta name=\"twitter:data1\" content=\"Desidedatum\" \/>\n\t<meta name=\"twitter:label2\" content=\"Temps estimat de lectura\" \/>\n\t<meta name=\"twitter:data2\" content=\"2 minuts\" \/>\n<script type=\"application\/ld+json\" class=\"yoast-schema-graph\">{\"@context\":\"https:\/\/schema.org\",\"@graph\":[{\"@type\":\"WebPage\",\"@id\":\"https:\/\/desidedatum.com\/ca\/trobada-data-management-summit-2023\/\",\"url\":\"https:\/\/desidedatum.com\/ca\/trobada-data-management-summit-2023\/\",\"name\":\"Trobada Data Management Summit 2023 - DesideDatum\",\"isPartOf\":{\"@id\":\"https:\/\/desidedatum.com\/#website\"},\"datePublished\":\"2023-10-30T15:57:09+00:00\",\"dateModified\":\"2023-10-30T16:53:22+00:00\",\"author\":{\"@id\":\"https:\/\/desidedatum.com\/#\/schema\/person\/d773644542f1cac1ae0250504dc3969b\"},\"inLanguage\":\"ca\",\"potentialAction\":[{\"@type\":\"ReadAction\",\"target\":[\"https:\/\/desidedatum.com\/ca\/trobada-data-management-summit-2023\/\"]}]},{\"@type\":\"WebSite\",\"@id\":\"https:\/\/desidedatum.com\/#website\",\"url\":\"https:\/\/desidedatum.com\/\",\"name\":\"DesideDatum\",\"description\":\"\",\"potentialAction\":[{\"@type\":\"SearchAction\",\"target\":{\"@type\":\"EntryPoint\",\"urlTemplate\":\"https:\/\/desidedatum.com\/?s={search_term_string}\"},\"query-input\":\"required name=search_term_string\"}],\"inLanguage\":\"ca\"},{\"@type\":\"Person\",\"@id\":\"https:\/\/desidedatum.com\/#\/schema\/person\/d773644542f1cac1ae0250504dc3969b\",\"name\":\"Desidedatum\",\"url\":\"https:\/\/desidedatum.com\/ca\/author\/desidedatum\/\"}]}<\/script>\n<!-- \/ Yoast SEO plugin. -->","yoast_head_json":{"title":"Trobada Data Management Summit 2023 - DesideDatum","robots":{"index":"index","follow":"follow","max-snippet":"max-snippet:-1","max-image-preview":"max-image-preview:large","max-video-preview":"max-video-preview:-1"},"canonical":"https:\/\/desidedatum.com\/ca\/trobada-data-management-summit-2023\/","og_locale":"ca_ES","og_type":"article","og_title":"Trobada Data Management Summit 2023 - DesideDatum","og_description":"El passat dia 25 d&#8217;octubre del 2023 es va celebrar a Bilbao l&#8217;esdeveniment anual Data Management Summit 2023, organitzat per Synergo!, on ens v\u00e0rem reunir 134 persones apassionades de les dades. Aquesta primera sessi\u00f3 estava destinada a l&#8217;administraci\u00f3 p\u00fablica. L&#8217;esdeveniment va comptar amb la pres\u00e8ncia de la Luc\u00eda Engo, presidenta de DAMA Espa\u00f1a, inaugurant la&nbsp; &hellip; Read more","og_url":"https:\/\/desidedatum.com\/ca\/trobada-data-management-summit-2023\/","og_site_name":"DesideDatum","article_published_time":"2023-10-30T15:57:09+00:00","article_modified_time":"2023-10-30T16:53:22+00:00","og_image":[{"width":2048,"height":1536,"url":"https:\/\/desidedatum.com\/wp-content\/uploads\/2023\/10\/DMS-jpg.webp","type":"image\/jpeg"}],"author":"Desidedatum","twitter_card":"summary_large_image","twitter_creator":"@desidedatum","twitter_site":"@desidedatum","twitter_misc":{"Escrit per":"Desidedatum","Temps estimat de lectura":"2 minuts"},"schema":{"@context":"https:\/\/schema.org","@graph":[{"@type":"WebPage","@id":"https:\/\/desidedatum.com\/ca\/trobada-data-management-summit-2023\/","url":"https:\/\/desidedatum.com\/ca\/trobada-data-management-summit-2023\/","name":"Trobada Data Management Summit 2023 - DesideDatum","isPartOf":{"@id":"https:\/\/desidedatum.com\/#website"},"datePublished":"2023-10-30T15:57:09+00:00","dateModified":"2023-10-30T16:53:22+00:00","author":{"@id":"https:\/\/desidedatum.com\/#\/schema\/person\/d773644542f1cac1ae0250504dc3969b"},"inLanguage":"ca","potentialAction":[{"@type":"ReadAction","target":["https:\/\/desidedatum.com\/ca\/trobada-data-management-summit-2023\/"]}]},{"@type":"WebSite","@id":"https:\/\/desidedatum.com\/#website","url":"https:\/\/desidedatum.com\/","name":"DesideDatum","description":"","potentialAction":[{"@type":"SearchAction","target":{"@type":"EntryPoint","urlTemplate":"https:\/\/desidedatum.com\/?s={search_term_string}"},"query-input":"required name=search_term_string"}],"inLanguage":"ca"},{"@type":"Person","@id":"https:\/\/desidedatum.com\/#\/schema\/person\/d773644542f1cac1ae0250504dc3969b","name":"Desidedatum","url":"https:\/\/desidedatum.com\/ca\/author\/desidedatum\/"}]}},"_links":{"self":[{"href":"https:\/\/desidedatum.com\/ca\/wp-json\/wp\/v2\/posts\/1094","targetHints":{"allow":["GET"]}}],"collection":[{"href":"https:\/\/desidedatum.com\/ca\/wp-json\/wp\/v2\/posts"}],"about":[{"href":"https:\/\/desidedatum.com\/ca\/wp-json\/wp\/v2\/types\/post"}],"author":[{"embeddable":true,"href":"https:\/\/desidedatum.com\/ca\/wp-json\/wp\/v2\/users\/3"}],"replies":[{"embeddable":true,"href":"https:\/\/desidedatum.com\/ca\/wp-json\/wp\/v2\/comments?post=1094"}],"version-history":[{"count":3,"href":"https:\/\/desidedatum.com\/ca\/wp-json\/wp\/v2\/posts\/1094\/revisions"}],"predecessor-version":[{"id":1103,"href":"https:\/\/desidedatum.com\/ca\/wp-json\/wp\/v2\/posts\/1094\/revisions\/1103"}],"wp:featuredmedia":[{"embeddable":true,"href":"https:\/\/desidedatum.com\/ca\/wp-json\/wp\/v2\/media\/1096"}],"wp:attachment":[{"href":"https:\/\/desidedatum.com\/ca\/wp-json\/wp\/v2\/media?parent=1094"}],"wp:term":[{"taxonomy":"category","embeddable":true,"href":"https:\/\/desidedatum.com\/ca\/wp-json\/wp\/v2\/categories?post=1094"}],"curies":[{"name":"wp","href":"https:\/\/api.w.org\/{rel}","templated":true}]}}