{"id":1176,"date":"2024-02-07T09:35:39","date_gmt":"2024-02-07T08:35:39","guid":{"rendered":"https:\/\/desidedatum.com\/?p=1176"},"modified":"2024-02-07T15:26:38","modified_gmt":"2024-02-07T14:26:38","slug":"govern-de-la-dada-resum-de-lany-2023","status":"publish","type":"post","link":"https:\/\/desidedatum.com\/ca\/govern-de-la-dada-resum-de-lany-2023\/","title":{"rendered":"Govern de la dada: Resum de l&#8217;any 2023"},"content":{"rendered":"\n<p class=\"has-medium-font-size\"><strong>2023: L&#8217;any de la dada<\/strong><\/p>\n\n\n\n<p><strong>L&#8217;any 2023, la innovaci\u00f3 digital ha tingut un clar protagonista: la dada<\/strong>. La dada entesa com a mat\u00e8ria prima per a la intel\u00b7lig\u00e8ncia artificial; l&#8217;an\u00e0lisi de dades per a la presa de decisions i per a construir evid\u00e8ncies que ens salvin de les not\u00edcies falses; la dada com a motor de l&#8217;economia en els espais de dades. I, per tot aix\u00f2, s&#8217;ha parlat d&#8217;estrat\u00e8gies de govern de dades, de seguretat i protecci\u00f3 de la informaci\u00f3, de garantir la qualitat, de criteris \u00e8tics pel seu \u00fas, de la governan\u00e7a d&#8217;espais de dades, de les dades sint\u00e8tiques&#8230;<\/p>\n\n\n\n<p><strong>Aquesta complexitat d&#8217;interessos i sabers al voltant de la dada est\u00e0 exigint sistemes de gesti\u00f3 robustos<\/strong>. 2023 ha estat un any propici per a la disciplina del govern de la dada, que ha vingut per a sistematitzar bones pr\u00e0ctiques a l&#8217;hora de crear, gestionar, compartir i analitzar els actius d&#8217;informaci\u00f3 de qualsevol organitzaci\u00f3. <strong>Sense bones dades no es poden prendre bones decisions<\/strong>.<\/p>\n\n\n\n<p class=\"has-medium-font-size\"><strong>Bases normatives per al govern de la dada<\/strong><\/p>\n\n\n\n<p>Aquest any hem celebrat la publicaci\u00f3 de les <a href=\"https:\/\/datos.gob.es\/es\/blog\/las-claves-de-las-especificaciones-une-sobre-el-dato\"><strong>especificacions UNE sobre la dada<\/strong><\/a>, impulsades per l&#8217;Oficina de la Dada. Recordem quines s\u00f3n:<\/p>\n\n\n\n<ul class=\"wp-block-list\">\n<li>UNE 0077:2023 Govern de la dada<\/li>\n\n\n\n<li>UNE 0078:2023 Gesti\u00f3 de la dada<\/li>\n\n\n\n<li>UNE 0079:2023 Gesti\u00f3 de la qualitat de la dada<\/li>\n\n\n\n<li>UNE 0080: Guia d&#8217;avaluaci\u00f3 del govern, gesti\u00f3 de la dada i gesti\u00f3 de la qualitat<\/li>\n\n\n\n<li>UNE 0081:2023 Guia d&#8217;avaluaci\u00f3 de la qualitat de dades<\/li>\n<\/ul>\n\n\n\n<p>Tanmateix, la Xarxa d&#8217;Entitats Locals per a la Transpar\u00e8ncia i Participaci\u00f3 Ciutadana de la FEMP ha proposat una <a href=\"https:\/\/desidedatum.com\/que-no-sea-por-falta-de-amparo-legal-la-femp-impulsa-el-gobierno-del-dato-en-las-entidades-locales\/\"><strong>ordenan\u00e7a tipus de govern de la dada<\/strong><\/a> basada en la regulaci\u00f3 nacional i de la Uni\u00f3 Europea sobre aquesta mat\u00e8ria.<\/p>\n\n\n\n<p>Per la seva part, la Uni\u00f3 Europea segueix fent passes cap a l&#8217;<a href=\"https:\/\/digital-strategy.ec.europa.eu\/es\/policies\/strategy-data\"><strong>estrat\u00e8gia europea de dades<\/strong><\/a> i ha consensuat una <a href=\"https:\/\/digital-strategy.ec.europa.eu\/en\/policies\/data-act\"><strong>Llei de dades<\/strong><\/a> que ha entrat en vigor ja al gener d&#8217;aquest 2024, complementant la <a href=\"https:\/\/digital-strategy.ec.europa.eu\/en\/policies\/data-governance-act\"><strong>Llei de Governan\u00e7a de Dades<\/strong><\/a> que entrava en vigor el setembre del 2023.<\/p>\n\n\n\n<p>En conclusi\u00f3, <strong>s&#8217;han establert bases suficients perqu\u00e8 el sector p\u00fablic pugui gestionar adequadament les seves dades<\/strong>, com a part de les seves estrat\u00e8gies de transformaci\u00f3 digital. Al seu torn, el sector privat porta la davantera i va adquirint nivells de maduresa superiors en aquesta mat\u00e8ria.<\/p>\n\n\n\n<p class=\"has-medium-font-size\"><strong>Bones pr\u00e0ctiques en el sector p\u00fablic<\/strong><\/p>\n\n\n\n<p>El govern de dades \u00e9s una activitat de tipus iceberg: la major part del que succeeix queda ocult al p\u00fablic. Tot i aix\u00ed, l&#8217;any 2023 algunes administracions han despuntat amb realitzacions que val la pena con\u00e9ixer. Una llista incomplerta, que d\u00f3na una idea de per on camina el sector p\u00fablic:<\/p>\n\n\n\n<ul class=\"wp-block-list\">\n<li>El Gobierno Vasco ha publicat l&#8217;<a href=\"https:\/\/www.euskadi.eus\/estrategia-de-gobernanza-de-los-datos-del-sector-publico-de-la-cae\/web01-a2data\/es\/\"><strong>estrat\u00e8gia de govern de dades<\/strong><\/a> del sector p\u00fablic de la CAE<\/li>\n\n\n\n<li>La Generalitat de Catalunya estableix el seu <a href=\"https:\/\/administraciodigital.gencat.cat\/ca\/dades\/govern-de-les-dades\/\"><strong>model de govern de la dada<\/strong><\/a><\/li>\n\n\n\n<li>El Gobierno de Canarias ha aprovat tres Decrets clau per al govern de dades:\n<ul class=\"wp-block-list\">\n<li>Decret 89\/2023 de <a href=\"https:\/\/www3.gobiernodecanarias.org\/juriscan\/ficha.jsp?id=79260\"><strong>r\u00e8gim de govern i an\u00e0lisi de dades del Sistema Estad\u00edstic<\/strong><\/a> de Can\u00e0ries<\/li>\n\n\n\n<li>Decret 84\/2023 pel qual es regula el <a href=\"https:\/\/www3.gobiernodecanarias.org\/juriscan\/ficha.jsp?id=79252\"><strong>model de govern i gesti\u00f3 de dades per a fins administratius<\/strong><\/a><\/li>\n\n\n\n<li>Decret 88\/2023 pel qual s&#8217;estableix el <a href=\"https:\/\/www3.gobiernodecanarias.org\/juriscan\/ficha.jsp?id=79253\"><strong>model de refer\u00e8ncia de planificaci\u00f3 i gesti\u00f3 estrat\u00e8gica<\/strong><\/a> i direcci\u00f3 per objectius<\/li>\n<\/ul>\n<\/li>\n\n\n\n<li>La Oficina del Dato de Navarra rep el <a href=\"https:\/\/www.navarra.es\/es\/-\/nota-prensa\/la-oficina-del-dato-de-navarra-recibe-el-premio-autelsi\"><strong>premi AUTELSI<\/strong><\/a>. Tanmateix, Navarra organitza la <a href=\"https:\/\/www.navarra.es\/es\/-\/nota-prensa\/navarra-acoge-el-primer-encuentro-de-oficinas-del-dato-de-espana-para-reforzar-el-compromiso-regional-en-torno-a-estos-activos\"><strong>primera trobada d&#8217;oficines de la dada<\/strong><\/a><\/li>\n\n\n\n<li>La Diputaci\u00f3n Foral de Bizkaia acull el <a href=\"https:\/\/desidedatum.com\/encuentro-data-management-summit-2023\/\"><strong>Data Management Summit 2023<\/strong><\/a>, fruit de las seva estrat\u00e8gia en govern de dades<\/li>\n\n\n\n<li><a href=\"https:\/\/desidedatum.com\/datos-en-la-mesa-ricos-ricos-y-con-fundamento-2\/\"><strong>Oficina de Gesti\u00f3 Integral de Dades<\/strong><\/a> d&#8217;Esplugues de Llobregat<\/li>\n\n\n\n<li>Estrat\u00e8gia de govern de la dada del <a href=\"https:\/\/desidedatum.com\/datos-en-la-mesa-ricos-ricos-y-con-fundamento-2\/\"><strong>Ayuntamiento de Alcobendas<\/strong><\/a>.<\/li>\n<\/ul>\n\n\n\n<p>A <strong>DesideDatum<\/strong> tenim l&#8217;orgull d&#8217;estar acompanyant a moltes d&#8217;aquestes iniciatives i tamb\u00e9 d&#8217;altres que encara queden en la part submergida de l&#8217;iceberg.<\/p>\n\n\n\n<p class=\"has-medium-font-size\"><strong>En resum<\/strong><\/p>\n\n\n\n<p>Tota l&#8217;Administraci\u00f3 local espanyola i una part important de l&#8217;auton\u00f2mica afronta el <strong>primer any complet<\/strong> de mandat despr\u00e9s de les eleccions del 2023. S&#8217;est\u00e0 consolidant la idea de que necessiten posar en marxa les seves iniciatives de dades per a no perdre la marxa dels temps i complir amb les legislacions que es van aprovant. <strong>Seria convenient arrencar el m\u00e9s aviat possible<\/strong>.<\/p>\n\n\n\n<p>Mai insistirem suficient en que ser\u00e0 molt important <strong>orientar les estrat\u00e8gies de dades a l&#8217;obtenci\u00f3 de valor<\/strong>. Per fer-ho, ser\u00e0 necessari <strong>dur a terme aviat alguns casos d&#8217;\u00fas<\/strong> que ofereixin resultats valuosos i que serveixin per a activar elements de govern i gesti\u00f3 de dades.<\/p>\n\n\n\n<p>Les dades s\u00f3n a base de l&#8217;economia del segle XXI. <strong>DesideDatum <\/strong>est\u00e0 aportant el seu coneixement i entusiasme en aquest emocionant viatge.<\/p>\n","protected":false},"excerpt":{"rendered":"<p>2023: L&#8217;any de la dada L&#8217;any 2023, la innovaci\u00f3 digital ha tingut un clar protagonista: la dada. La dada entesa com a mat\u00e8ria prima per a la intel\u00b7lig\u00e8ncia artificial; l&#8217;an\u00e0lisi de dades per a la presa de decisions i per a construir evid\u00e8ncies que ens salvin de les not\u00edcies falses; la dada com a motor&nbsp; <a href=\"https:\/\/desidedatum.com\/ca\/govern-de-la-dada-resum-de-lany-2023\/\">&hellip; Read more <i class=\"glyphicon glyphicon-arrow-right\"><\/i><\/a><\/p>\n","protected":false},"author":3,"featured_media":1199,"comment_status":"closed","ping_status":"open","sticky":false,"template":"","format":"standard","meta":{"om_disable_all_campaigns":false,"inline_featured_image":false,"_monsterinsights_skip_tracking":false,"_monsterinsights_sitenote_active":false,"_monsterinsights_sitenote_note":"","_monsterinsights_sitenote_category":0,"footnotes":""},"categories":[5],"class_list":["post-1176","post","type-post","status-publish","format-standard","has-post-thumbnail","hentry","category-uncategorized-ca"],"acf":[],"aioseo_notices":[],"yoast_head":"<!-- This site is optimized with the Yoast SEO plugin v20.2.1 - https:\/\/yoast.com\/wordpress\/plugins\/seo\/ -->\n<title>Govern de la dada: Resum de l&#039;any 2023 - DesideDatum<\/title>\n<meta name=\"robots\" content=\"index, follow, max-snippet:-1, max-image-preview:large, max-video-preview:-1\" \/>\n<link rel=\"canonical\" href=\"https:\/\/desidedatum.com\/ca\/govern-de-la-dada-resum-de-lany-2023\/\" \/>\n<meta property=\"og:locale\" content=\"ca_ES\" \/>\n<meta property=\"og:type\" content=\"article\" \/>\n<meta property=\"og:title\" content=\"Govern de la dada: Resum de l&#039;any 2023 - DesideDatum\" \/>\n<meta property=\"og:description\" content=\"2023: L&#8217;any de la dada L&#8217;any 2023, la innovaci\u00f3 digital ha tingut un clar protagonista: la dada. La dada entesa com a mat\u00e8ria prima per a la intel\u00b7lig\u00e8ncia artificial; l&#8217;an\u00e0lisi de dades per a la presa de decisions i per a construir evid\u00e8ncies que ens salvin de les not\u00edcies falses; la dada com a motor&nbsp; &hellip; Read more\" \/>\n<meta property=\"og:url\" content=\"https:\/\/desidedatum.com\/ca\/govern-de-la-dada-resum-de-lany-2023\/\" \/>\n<meta property=\"og:site_name\" content=\"DesideDatum\" \/>\n<meta property=\"article:published_time\" content=\"2024-02-07T08:35:39+00:00\" \/>\n<meta property=\"article:modified_time\" content=\"2024-02-07T14:26:38+00:00\" \/>\n<meta property=\"og:image\" content=\"https:\/\/desidedatum.com\/wp-content\/uploads\/2024\/02\/alina-grubnyak-ZiQkhI7417A-unsplash-scaled.webp\" \/>\n\t<meta property=\"og:image:width\" content=\"2560\" \/>\n\t<meta property=\"og:image:height\" content=\"1707\" \/>\n\t<meta property=\"og:image:type\" content=\"image\/jpeg\" \/>\n<meta name=\"author\" content=\"Desidedatum\" \/>\n<meta name=\"twitter:card\" content=\"summary_large_image\" \/>\n<meta name=\"twitter:creator\" content=\"@desidedatum\" \/>\n<meta name=\"twitter:site\" content=\"@desidedatum\" \/>\n<meta name=\"twitter:label1\" content=\"Escrit per\" \/>\n\t<meta name=\"twitter:data1\" content=\"Desidedatum\" \/>\n\t<meta name=\"twitter:label2\" content=\"Temps estimat de lectura\" \/>\n\t<meta name=\"twitter:data2\" content=\"4 minuts\" \/>\n<script type=\"application\/ld+json\" class=\"yoast-schema-graph\">{\"@context\":\"https:\/\/schema.org\",\"@graph\":[{\"@type\":\"WebPage\",\"@id\":\"https:\/\/desidedatum.com\/ca\/govern-de-la-dada-resum-de-lany-2023\/\",\"url\":\"https:\/\/desidedatum.com\/ca\/govern-de-la-dada-resum-de-lany-2023\/\",\"name\":\"Govern de la dada: Resum de l'any 2023 - DesideDatum\",\"isPartOf\":{\"@id\":\"https:\/\/desidedatum.com\/#website\"},\"datePublished\":\"2024-02-07T08:35:39+00:00\",\"dateModified\":\"2024-02-07T14:26:38+00:00\",\"author\":{\"@id\":\"https:\/\/desidedatum.com\/#\/schema\/person\/d773644542f1cac1ae0250504dc3969b\"},\"inLanguage\":\"ca\",\"potentialAction\":[{\"@type\":\"ReadAction\",\"target\":[\"https:\/\/desidedatum.com\/ca\/govern-de-la-dada-resum-de-lany-2023\/\"]}]},{\"@type\":\"WebSite\",\"@id\":\"https:\/\/desidedatum.com\/#website\",\"url\":\"https:\/\/desidedatum.com\/\",\"name\":\"DesideDatum\",\"description\":\"\",\"potentialAction\":[{\"@type\":\"SearchAction\",\"target\":{\"@type\":\"EntryPoint\",\"urlTemplate\":\"https:\/\/desidedatum.com\/?s={search_term_string}\"},\"query-input\":\"required name=search_term_string\"}],\"inLanguage\":\"ca\"},{\"@type\":\"Person\",\"@id\":\"https:\/\/desidedatum.com\/#\/schema\/person\/d773644542f1cac1ae0250504dc3969b\",\"name\":\"Desidedatum\",\"url\":\"https:\/\/desidedatum.com\/ca\/author\/desidedatum\/\"}]}<\/script>\n<!-- \/ Yoast SEO plugin. -->","yoast_head_json":{"title":"Govern de la dada: Resum de l'any 2023 - DesideDatum","robots":{"index":"index","follow":"follow","max-snippet":"max-snippet:-1","max-image-preview":"max-image-preview:large","max-video-preview":"max-video-preview:-1"},"canonical":"https:\/\/desidedatum.com\/ca\/govern-de-la-dada-resum-de-lany-2023\/","og_locale":"ca_ES","og_type":"article","og_title":"Govern de la dada: Resum de l'any 2023 - DesideDatum","og_description":"2023: L&#8217;any de la dada L&#8217;any 2023, la innovaci\u00f3 digital ha tingut un clar protagonista: la dada. La dada entesa com a mat\u00e8ria prima per a la intel\u00b7lig\u00e8ncia artificial; l&#8217;an\u00e0lisi de dades per a la presa de decisions i per a construir evid\u00e8ncies que ens salvin de les not\u00edcies falses; la dada com a motor&nbsp; &hellip; Read more","og_url":"https:\/\/desidedatum.com\/ca\/govern-de-la-dada-resum-de-lany-2023\/","og_site_name":"DesideDatum","article_published_time":"2024-02-07T08:35:39+00:00","article_modified_time":"2024-02-07T14:26:38+00:00","og_image":[{"width":2560,"height":1707,"url":"https:\/\/desidedatum.com\/wp-content\/uploads\/2024\/02\/alina-grubnyak-ZiQkhI7417A-unsplash-scaled.webp","type":"image\/jpeg"}],"author":"Desidedatum","twitter_card":"summary_large_image","twitter_creator":"@desidedatum","twitter_site":"@desidedatum","twitter_misc":{"Escrit per":"Desidedatum","Temps estimat de lectura":"4 minuts"},"schema":{"@context":"https:\/\/schema.org","@graph":[{"@type":"WebPage","@id":"https:\/\/desidedatum.com\/ca\/govern-de-la-dada-resum-de-lany-2023\/","url":"https:\/\/desidedatum.com\/ca\/govern-de-la-dada-resum-de-lany-2023\/","name":"Govern de la dada: Resum de l'any 2023 - DesideDatum","isPartOf":{"@id":"https:\/\/desidedatum.com\/#website"},"datePublished":"2024-02-07T08:35:39+00:00","dateModified":"2024-02-07T14:26:38+00:00","author":{"@id":"https:\/\/desidedatum.com\/#\/schema\/person\/d773644542f1cac1ae0250504dc3969b"},"inLanguage":"ca","potentialAction":[{"@type":"ReadAction","target":["https:\/\/desidedatum.com\/ca\/govern-de-la-dada-resum-de-lany-2023\/"]}]},{"@type":"WebSite","@id":"https:\/\/desidedatum.com\/#website","url":"https:\/\/desidedatum.com\/","name":"DesideDatum","description":"","potentialAction":[{"@type":"SearchAction","target":{"@type":"EntryPoint","urlTemplate":"https:\/\/desidedatum.com\/?s={search_term_string}"},"query-input":"required name=search_term_string"}],"inLanguage":"ca"},{"@type":"Person","@id":"https:\/\/desidedatum.com\/#\/schema\/person\/d773644542f1cac1ae0250504dc3969b","name":"Desidedatum","url":"https:\/\/desidedatum.com\/ca\/author\/desidedatum\/"}]}},"_links":{"self":[{"href":"https:\/\/desidedatum.com\/ca\/wp-json\/wp\/v2\/posts\/1176","targetHints":{"allow":["GET"]}}],"collection":[{"href":"https:\/\/desidedatum.com\/ca\/wp-json\/wp\/v2\/posts"}],"about":[{"href":"https:\/\/desidedatum.com\/ca\/wp-json\/wp\/v2\/types\/post"}],"author":[{"embeddable":true,"href":"https:\/\/desidedatum.com\/ca\/wp-json\/wp\/v2\/users\/3"}],"replies":[{"embeddable":true,"href":"https:\/\/desidedatum.com\/ca\/wp-json\/wp\/v2\/comments?post=1176"}],"version-history":[{"count":6,"href":"https:\/\/desidedatum.com\/ca\/wp-json\/wp\/v2\/posts\/1176\/revisions"}],"predecessor-version":[{"id":1213,"href":"https:\/\/desidedatum.com\/ca\/wp-json\/wp\/v2\/posts\/1176\/revisions\/1213"}],"wp:featuredmedia":[{"embeddable":true,"href":"https:\/\/desidedatum.com\/ca\/wp-json\/wp\/v2\/media\/1199"}],"wp:attachment":[{"href":"https:\/\/desidedatum.com\/ca\/wp-json\/wp\/v2\/media?parent=1176"}],"wp:term":[{"taxonomy":"category","embeddable":true,"href":"https:\/\/desidedatum.com\/ca\/wp-json\/wp\/v2\/categories?post=1176"}],"curies":[{"name":"wp","href":"https:\/\/api.w.org\/{rel}","templated":true}]}}