{"id":2263,"date":"2026-03-06T09:21:54","date_gmt":"2026-03-06T08:21:54","guid":{"rendered":"https:\/\/desidedatum.com\/?p=2263"},"modified":"2026-03-06T09:22:01","modified_gmt":"2026-03-06T08:22:01","slug":"vint-i-set-anys-dobertura-de-la-informacio-del-sector-public-a-europa","status":"publish","type":"post","link":"https:\/\/desidedatum.com\/ca\/vint-i-set-anys-dobertura-de-la-informacio-del-sector-public-a-europa\/","title":{"rendered":"Vint-i-set anys d\u2019obertura de la informaci\u00f3 del sector p\u00fablic a Europa"},"content":{"rendered":"\n<p class=\"justificado\">Vint-i-set \u00e9s un n\u00famero rod\u00f3, ni m\u00e9s ni menys que tres elevat a tres, una xifra prou significativa per justificar una retrospectiva de les pol\u00edtiques i pr\u00e0ctiques d\u2019obertura de les dades p\u00fabliques a partir del seu document fundacional: el<a href=\"https:\/\/datos.gob.es\/sites\/default\/files\/doc\/file\/1998_libro_verde_informacion.pdf\"> Llibre Verd de la Informaci\u00f3 del Sector P\u00fablic.<\/a><\/p>\n\n\n\n<p class=\"justificado\">L\u2019any 1991 Internet s\u2019obre al p\u00fablic general, despr\u00e9s de diversos anys d\u2019\u00fas acad\u00e8mic i militar. Nom\u00e9s vuit anys despr\u00e9s, el 1999, la Comissi\u00f3 Europea llan\u00e7a un <em>green paper<\/em> per impulsar l\u2019obertura de la informaci\u00f3 del sector p\u00fablic. El <em>Green Paper on Public Sector Information in the Information Society<\/em> proposava obrir, harmonitzar i aprofitar la informaci\u00f3 del sector p\u00fablic a Europa per millorar la transpar\u00e8ncia democr\u00e0tica, la mobilitat ciutadana, la competitivitat empresarial i el desenvolupament de la ind\u00fastria europea de continguts digitals.<\/p>\n\n\n\n<p class=\"justificado\">Europa va matinar per aprofitar una gran oportunitat. Qu\u00e8 hem fet amb aquesta oportunitat? Ha madurat el llibre verd?<\/p>\n\n\n\n<p><\/p>\n\n\n\n<p><strong><strong>EL REGULADOR<\/strong><\/strong><\/p>\n\n\n\n<p class=\"justificado\">El primer front ha estat el regulador. La Comissi\u00f3 Europea va obrir el ball amb energia i aviat va aconseguir aplegar visions i aprovar la<a href=\"https:\/\/www.boe.es\/buscar\/doc.php?id=DOUE-L-2019-81091\"> Directiva de reutilitzaci\u00f3 de la informaci\u00f3 del sector p\u00fablic,<\/a> que estableix \u201cla creaci\u00f3 d\u2019un mercat interior i d\u2019un sistema que impedeixi el falsejament de la compet\u00e8ncia en aquest mercat interior\u201d, alhora que reconeix la pertin\u00e8ncia d\u2019oferir als ciutadans de la UE mitjans per accedir al coneixement. La data de publicaci\u00f3 de la Directiva \u00e9s el 17 de novembre de 2003. El Regne d\u2019Espanya aconsegueix transposar-la amb la Llei 37\/2007, de 16 de novembre, just l\u2019\u00faltim dia abans de mer\u00e8ixer una sanci\u00f3.<\/p>\n\n\n\n<p class=\"justificado\">Aquesta primera envestida \u2014o \u201cadanada\u201d, pel seu car\u00e0cter seminal\u2014 legislativa s\u2019ha actualitzat el 2019 amb una nova directiva europea que Espanya ha transposat el 2021. Aquest nou instrument jur\u00eddic millora molt la regulaci\u00f3 anterior i introdueix el concepte de conjunts de dades d\u2019alt valor, la reutilitzaci\u00f3 dels quals ha de ser gratu\u00efta, en formats llegibles per m\u00e0quina i a trav\u00e9s d\u2019API.<\/p>\n\n\n\n<p><strong><strong>EL CONCEPTUAL<\/strong><\/strong><\/p>\n\n\n\n<p class=\"justificado\">El segon front ha estat el conceptual. Els primers textos no parlaven de dades, sin\u00f3 d\u2019informaci\u00f3 i documents, amb una aroma de piles de CD i monitors de raigs cat\u00f2dics. Fins i tot la Llei 37\/2007, en la seva redacci\u00f3 original, evita parlar de dades excepte per esmentar les dades personals. La mat\u00e8ria regulada \u00e9s <em>\u201c<a href=\"https:\/\/www.boe.es\/buscar\/pdf\/2015\/BOE-A-2015-7731-consolidado.pdf\">la reutilitzaci\u00f3 dels documents elaborats o custodiats per les administracions<\/a>\u201d.<\/em><\/p>\n\n\n\n<p class=\"justificado\">Actualment, indiscutiblement el constructe clau \u00e9s la dada, que ha emergit de les profunditats dels sistemes d\u2019informaci\u00f3 per ocupar el seu paper central com a mat\u00e8ria primera del coneixement.<\/p>\n\n\n\n<p class=\"justificado\">D\u2019altra banda, al llibre verd es feia la distinci\u00f3 entre \u201cinformaci\u00f3 administrativa\u201d i \u201cno administrativa\u201d. Avui aix\u00f2 ja no sembla tan important; la clau rau en si les dades s\u00f3n obertes o personals, sensibles o no.<\/p>\n\n\n\n<p><strong><strong>ELS EST\u00c0NDARDS<\/strong><\/strong><\/p>\n\n\n\n<p class=\"justificado\">El Llibre Verd estableix les bases conceptuals del que seran les pol\u00edtiques europees d\u2019estandarditzaci\u00f3 de dades i metadades. Subratlla la necessitat d\u2019est\u00e0ndards comuns per saber quina informaci\u00f3 existeix i per accedir-hi. En les seves paraules, \u201cper ajudar els clients de la informaci\u00f3 a orientar-se en aquesta massa de dades, pot ser necessari establir metadades i directoris\u201d.<\/p>\n\n\n\n<p class=\"justificado\">Europa ha passat de no tenir est\u00e0ndards comuns a construir un sistema complet: primer va arribar INSPIRE (2007), que va imposar normes t\u00e8cniques i metadades obligat\u00f2ries per a les dades geoespacials i va crear cat\u00e0legs interoperables a escala europea. Despr\u00e9s, el <a href=\"https:\/\/www.w3.org\/TR\/vocab-dcat-3\/\">World Wide Web Consortium<\/a> va publicar DCAT, i la Comissi\u00f3 Europea va desenvolupar<a href=\"https:\/\/datos.gob.es\/es\/conocimiento\/dcat-ap-y-sus-extensiones-contexto-y-evolucion\"> DCAT-AP,<\/a> un perfil com\u00fa per descriure conjunts de dades p\u00fabliques i facilitar la cerca creuada entre pa\u00efsos, que posteriorment es va expandir amb extensions sectorials com GeoDCAT-AP, StatDCAT-AP o DCAT-AP HVD.<\/p>\n\n\n\n<p class=\"justificado\">Avui, pr\u00e0cticament tots els estats membres utilitzen DCAT-AP o les seves variants nacionals (com DCAT-AP-ES) per assolir interoperabilitat sem\u00e0ntica i unificar cat\u00e0legs a la web.<\/p>\n\n\n\n<p><strong><strong>L\u2019OBERTURA DE DADES<\/strong><\/strong><\/p>\n\n\n\n<p class=\"justificado\">L\u2019aprovaci\u00f3 de la normativa no es va traduir immediatament en una publicaci\u00f3 sistem\u00e0tica de dades. Despr\u00e9s dels cat\u00e0legs pioners de l\u2019entorn anglosax\u00f3 \u2014Estats Units, Regne Unit, Austr\u00e0lia\u2026\u2014 el primer portal de dades obertes va ser Open Data Euskadi, a l\u2019abril de 2010. Durant els primers anys, la publicaci\u00f3 de portals de dades va avan\u00e7ar m\u00e9s per impuls pol\u00edtic que per convicci\u00f3 administrativa. I el contingut dels portals no oferia, en molts casos, ni quantitat ni qualitat.<\/p>\n\n\n\n<p>A Europa, avui veiem l\u2019ampolla mig plena, per\u00f2 tamb\u00e9 mig buida. Persisteixen quatre problemes estructurals:<\/p>\n\n\n\n<ul class=\"wp-block-list\">\n<li>Fragmentaci\u00f3 i manca de publicaci\u00f3 de moltes dades d\u2019alt valor.<\/li>\n<\/ul>\n\n\n\n<ul class=\"wp-block-list\">\n<li>Defectes en l\u2019actualitzaci\u00f3, que converteixen les dades en f\u00f2ssils.<\/li>\n<\/ul>\n\n\n\n<ul class=\"wp-block-list\">\n<li>Inconsist\u00e8ncia en la qualitat, sense controls que n\u2019assegurin la integritat o la precisi\u00f3.<\/li>\n<\/ul>\n\n\n\n<ul class=\"wp-block-list\">\n<li>Governan\u00e7a feble, on obrir dades \u00e9s una tasca marginal, no una missi\u00f3 estrat\u00e8gica.<\/li>\n<\/ul>\n\n\n\n<p class=\"justificado\">Cal recon\u00e8ixer que Espanya ha articulat al llarg dels anys un conjunt de programes p\u00fablics que han sostingut \u2014sovint de manera exemplar\u2014 la pol\u00edtica d\u2019obertura de dades. La Iniciativa Aporta ha estat el motor de la cultura de la dada oberta al pa\u00eds. Red.es hi juga un paper clau com a bra\u00e7 executor tecnol\u00f2gic, i el portal datos.gob.es ha evolucionat fins a convertir-se no nom\u00e9s en el cat\u00e0leg nacional unificat, sin\u00f3 en l\u2019espai de refer\u00e8ncia per al coneixement al voltant de les dades. La <a href=\"https:\/\/digital.gob.es\/digitalizacion\">Secretar\u00eda de Estado de Digitalizaci\u00f3n e Inteligencia Artificial (SEDIA)<\/a> ha consolidat aquest impuls, alineant-lo amb els marcs europeus de dades i amb estrat\u00e8gies com Espanya Digital 2026.<\/p>\n\n\n\n<p><strong><strong><strong>LA REUTILITZACI\u00d3 DE DADES<\/strong><\/strong><\/strong><\/p>\n\n\n\n<p class=\"justificado\">El Llibre Verd preveia la creaci\u00f3 d\u2019un mercat europeu de dades per alliberar el potencial econ\u00f2mic i innovador de la dada. Posteriorment, la influ\u00e8ncia de l\u2019administraci\u00f3 de Barack Obama tamb\u00e9 va donar rellev\u00e0ncia al potencial democratitzador de les dades, com a part substancial del govern obert per a la transpar\u00e8ncia, la rendici\u00f3 de comptes i la participaci\u00f3 informada.<\/p>\n\n\n\n<p class=\"justificado\">La reutilitzaci\u00f3 \u00e9s, segurament, la baula m\u00e9s feble de la cadena de valor de la dada oberta. Entre les causes, les fonamentals es troben al costat de l\u2019oferta. Encara \u00e9s complicat construir un model de negoci a partir de dades p\u00fabliques quan aquestes dades no cobreixen tot el territori, s\u2019actualitzen de manera desigual o \u2014i aix\u00f2 \u00e9s grav\u00edssim\u2014 no se n\u2019assegura la continu\u00eftat del servei. Fins i tot avui, alguns portals continuen sense oferir identificadors persistents: cada actualitzaci\u00f3 esborra la petjada anterior.<\/p>\n\n\n\n<p class=\"justificado\">Amb aquests defectes al costat de l\u2019oferta, es fa dif\u00edcil fomentar la reutilitzaci\u00f3 i fer cr\u00e9ixer la demanda. Tot i aix\u00ed, l\u2019\u00fas de les dades obertes augmenta any rere any i est\u00e0 produint un retorn de valor gens menyspreable.<\/p>\n\n\n\n<p><strong><strong><strong>L\u2019ESPERAN\u00c7A: ELS ESPAIS DE DADES<\/strong><\/strong><\/strong><\/p>\n\n\n\n<p class=\"justificado\">Despr\u00e9s de vint-i-set anys de pol\u00edtiques p\u00fabliques, est\u00e0ndards, lleis i portals, les dades obertes ja no s\u00f3n el punt d\u2019arribada, sin\u00f3 el punt de partida. I l\u2019esperan\u00e7a per al futur immediat l\u2019encarnen els espais de dades.<\/p>\n\n\n\n<p class=\"justificado\">Els espais de dades permeten all\u00f2 que el Llibre Verd nom\u00e9s podia intuir: passar de la publicaci\u00f3 a\u00efllada a la col\u00b7laboraci\u00f3 estructural; de conjunts dispersos a ecosistemes sectorials; d\u2019obrir dades per a qui vulgui utilitzar-les a compartir dades que resolguin problemes concrets en mat\u00e8ria d\u2019energia, mobilitat, salut, clima, ind\u00fastria\u2026<\/p>\n\n\n\n<p class=\"justificado\">En aquest nou context, les dades obertes no desapareixen: es converteixen en la capa universal de refer\u00e8ncia, el s\u00f2l com\u00fa sobre el qual es construeixen espais de dades m\u00e9s rics, segurs i col\u00b7laboratius. Aquesta \u00e9s l\u2019esperan\u00e7a: que l\u2019obertura no es quedi en un gest, sin\u00f3 que es transformi en infraestructura per a un futur compartit.<\/p>\n\n\n\n<p><strong><strong><strong><strong>EL NOSTRE COMPROM\u00cdS<\/strong><\/strong><\/strong><\/strong><\/p>\n\n\n\n<p class=\"justificado\">Al llarg d\u2019aquests anys, <a href=\"https:\/\/desidedatum.com\/\">Desidedatum <\/a>ha acompanyat \u2014i de vegades avan\u00e7at\u2014 aquesta evoluci\u00f3 europea de la dada p\u00fablica. Va n\u00e9ixer quan el mapa encara estava per dibuixar i ha treballat all\u00e0 on realment es juga el valor de la dada: en la governan\u00e7a, en la qualitat, en els est\u00e0ndards, en l\u2019obertura i en la reutilitzaci\u00f3. Ha teixit ponts entre administracions, ha impulsat metodologies que avui considerem evidents i ha demostrat que la maduresa digital no dep\u00e8n nom\u00e9s de la tecnologia, sin\u00f3 de les persones que entenen la dada com un b\u00e9 com\u00fa.<\/p>\n\n\n\n<p class=\"justificado\">El nostre comprom\u00eds continua intacte: treballar perqu\u00e8 la dada p\u00fablica sigui un b\u00e9 plenament aprofitat. Creiem en una Administraci\u00f3 que decideix amb evid\u00e8ncies, que comparteix amb responsabilitat i que construeix valor social a partir del coneixement. Creiem en una societat que pot contribuir a la prosperitat comuna a partir de la reutilitzaci\u00f3 de les dades. El nostre prop\u00f2sit continua sent acompanyar les organitzacions a convertir les dades en decisions, en serveis i en oportunitats que millorin la vida de les persones.<\/p>\n\n\n\n<div class=\"wp-block-group is-layout-constrained wp-block-group-is-layout-constrained\"><\/div>\n\n\n\n<p><\/p>\n","protected":false},"excerpt":{"rendered":"<p>Vint-i-set \u00e9s un n\u00famero rod\u00f3, ni m\u00e9s ni menys que tres elevat a tres, una xifra prou significativa per justificar una retrospectiva de les pol\u00edtiques i pr\u00e0ctiques d\u2019obertura de les dades p\u00fabliques a partir del seu document fundacional: el Llibre Verd de la Informaci\u00f3 del Sector P\u00fablic. L\u2019any 1991 Internet s\u2019obre al p\u00fablic general, despr\u00e9s&nbsp; <a href=\"https:\/\/desidedatum.com\/ca\/vint-i-set-anys-dobertura-de-la-informacio-del-sector-public-a-europa\/\">&hellip; Read more <i class=\"glyphicon glyphicon-arrow-right\"><\/i><\/a><\/p>\n","protected":false},"author":5,"featured_media":2260,"comment_status":"closed","ping_status":"open","sticky":false,"template":"","format":"standard","meta":{"om_disable_all_campaigns":false,"inline_featured_image":false,"_monsterinsights_skip_tracking":false,"_monsterinsights_sitenote_active":false,"_monsterinsights_sitenote_note":"","_monsterinsights_sitenote_category":0,"footnotes":""},"categories":[5],"class_list":["post-2263","post","type-post","status-publish","format-standard","has-post-thumbnail","hentry","category-uncategorized-ca"],"acf":[],"aioseo_notices":[],"yoast_head":"<!-- This site is optimized with the Yoast SEO plugin v20.2.1 - https:\/\/yoast.com\/wordpress\/plugins\/seo\/ -->\n<title>Vint-i-set anys d\u2019obertura de la informaci\u00f3 del sector p\u00fablic a Europa - DesideDatum<\/title>\n<meta name=\"description\" content=\"Retrospectiva dels 27 anys d\u2019obertura de dades p\u00fabliques a Europa: del Llibre Verd i la regulaci\u00f3 als est\u00e0ndards, la reutilitzaci\u00f3 i els nous espais de dades com a infraestructura de futur.\" \/>\n<meta name=\"robots\" content=\"index, follow, max-snippet:-1, max-image-preview:large, max-video-preview:-1\" \/>\n<link rel=\"canonical\" href=\"https:\/\/desidedatum.com\/ca\/vint-i-set-anys-dobertura-de-la-informacio-del-sector-public-a-europa\/\" \/>\n<meta property=\"og:locale\" content=\"ca_ES\" \/>\n<meta property=\"og:type\" content=\"article\" \/>\n<meta property=\"og:title\" content=\"Vint-i-set anys d\u2019obertura de la informaci\u00f3 del sector p\u00fablic a Europa - DesideDatum\" \/>\n<meta property=\"og:description\" content=\"Retrospectiva dels 27 anys d\u2019obertura de dades p\u00fabliques a Europa: del Llibre Verd i la regulaci\u00f3 als est\u00e0ndards, la reutilitzaci\u00f3 i els nous espais de dades com a infraestructura de futur.\" \/>\n<meta property=\"og:url\" content=\"https:\/\/desidedatum.com\/ca\/vint-i-set-anys-dobertura-de-la-informacio-del-sector-public-a-europa\/\" \/>\n<meta property=\"og:site_name\" content=\"DesideDatum\" \/>\n<meta property=\"article:published_time\" content=\"2026-03-06T08:21:54+00:00\" \/>\n<meta property=\"article:modified_time\" content=\"2026-03-06T08:22:01+00:00\" \/>\n<meta property=\"og:image\" content=\"https:\/\/desidedatum.com\/wp-content\/uploads\/2026\/03\/articulo_datos_marzo.webp\" \/>\n\t<meta property=\"og:image:width\" content=\"1476\" \/>\n\t<meta property=\"og:image:height\" content=\"1328\" \/>\n\t<meta property=\"og:image:type\" content=\"image\/jpeg\" \/>\n<meta name=\"author\" content=\"Paula Navarro\" \/>\n<meta name=\"twitter:card\" content=\"summary_large_image\" \/>\n<meta name=\"twitter:creator\" content=\"@desidedatum\" \/>\n<meta name=\"twitter:site\" content=\"@desidedatum\" \/>\n<meta name=\"twitter:label1\" content=\"Escrit per\" \/>\n\t<meta name=\"twitter:data1\" content=\"Paula Navarro\" \/>\n\t<meta name=\"twitter:label2\" content=\"Temps estimat de lectura\" \/>\n\t<meta name=\"twitter:data2\" content=\"7 minuts\" \/>\n<script type=\"application\/ld+json\" class=\"yoast-schema-graph\">{\"@context\":\"https:\/\/schema.org\",\"@graph\":[{\"@type\":\"WebPage\",\"@id\":\"https:\/\/desidedatum.com\/ca\/vint-i-set-anys-dobertura-de-la-informacio-del-sector-public-a-europa\/\",\"url\":\"https:\/\/desidedatum.com\/ca\/vint-i-set-anys-dobertura-de-la-informacio-del-sector-public-a-europa\/\",\"name\":\"Vint-i-set anys d\u2019obertura de la informaci\u00f3 del sector p\u00fablic a Europa - DesideDatum\",\"isPartOf\":{\"@id\":\"https:\/\/desidedatum.com\/#website\"},\"datePublished\":\"2026-03-06T08:21:54+00:00\",\"dateModified\":\"2026-03-06T08:22:01+00:00\",\"author\":{\"@id\":\"https:\/\/desidedatum.com\/#\/schema\/person\/cbc5179087d0e44370673052d8cd7e80\"},\"description\":\"Retrospectiva dels 27 anys d\u2019obertura de dades p\u00fabliques a Europa: del Llibre Verd i la regulaci\u00f3 als est\u00e0ndards, la reutilitzaci\u00f3 i els nous espais de dades com a infraestructura de futur.\",\"inLanguage\":\"ca\",\"potentialAction\":[{\"@type\":\"ReadAction\",\"target\":[\"https:\/\/desidedatum.com\/ca\/vint-i-set-anys-dobertura-de-la-informacio-del-sector-public-a-europa\/\"]}]},{\"@type\":\"WebSite\",\"@id\":\"https:\/\/desidedatum.com\/#website\",\"url\":\"https:\/\/desidedatum.com\/\",\"name\":\"DesideDatum\",\"description\":\"\",\"potentialAction\":[{\"@type\":\"SearchAction\",\"target\":{\"@type\":\"EntryPoint\",\"urlTemplate\":\"https:\/\/desidedatum.com\/?s={search_term_string}\"},\"query-input\":\"required name=search_term_string\"}],\"inLanguage\":\"ca\"},{\"@type\":\"Person\",\"@id\":\"https:\/\/desidedatum.com\/#\/schema\/person\/cbc5179087d0e44370673052d8cd7e80\",\"name\":\"Paula Navarro\",\"url\":\"https:\/\/desidedatum.com\/ca\/author\/paula\/\"}]}<\/script>\n<!-- \/ Yoast SEO plugin. -->","yoast_head_json":{"title":"Vint-i-set anys d\u2019obertura de la informaci\u00f3 del sector p\u00fablic a Europa - DesideDatum","description":"Retrospectiva dels 27 anys d\u2019obertura de dades p\u00fabliques a Europa: del Llibre Verd i la regulaci\u00f3 als est\u00e0ndards, la reutilitzaci\u00f3 i els nous espais de dades com a infraestructura de futur.","robots":{"index":"index","follow":"follow","max-snippet":"max-snippet:-1","max-image-preview":"max-image-preview:large","max-video-preview":"max-video-preview:-1"},"canonical":"https:\/\/desidedatum.com\/ca\/vint-i-set-anys-dobertura-de-la-informacio-del-sector-public-a-europa\/","og_locale":"ca_ES","og_type":"article","og_title":"Vint-i-set anys d\u2019obertura de la informaci\u00f3 del sector p\u00fablic a Europa - DesideDatum","og_description":"Retrospectiva dels 27 anys d\u2019obertura de dades p\u00fabliques a Europa: del Llibre Verd i la regulaci\u00f3 als est\u00e0ndards, la reutilitzaci\u00f3 i els nous espais de dades com a infraestructura de futur.","og_url":"https:\/\/desidedatum.com\/ca\/vint-i-set-anys-dobertura-de-la-informacio-del-sector-public-a-europa\/","og_site_name":"DesideDatum","article_published_time":"2026-03-06T08:21:54+00:00","article_modified_time":"2026-03-06T08:22:01+00:00","og_image":[{"width":1476,"height":1328,"url":"https:\/\/desidedatum.com\/wp-content\/uploads\/2026\/03\/articulo_datos_marzo.webp","type":"image\/jpeg"}],"author":"Paula Navarro","twitter_card":"summary_large_image","twitter_creator":"@desidedatum","twitter_site":"@desidedatum","twitter_misc":{"Escrit per":"Paula Navarro","Temps estimat de lectura":"7 minuts"},"schema":{"@context":"https:\/\/schema.org","@graph":[{"@type":"WebPage","@id":"https:\/\/desidedatum.com\/ca\/vint-i-set-anys-dobertura-de-la-informacio-del-sector-public-a-europa\/","url":"https:\/\/desidedatum.com\/ca\/vint-i-set-anys-dobertura-de-la-informacio-del-sector-public-a-europa\/","name":"Vint-i-set anys d\u2019obertura de la informaci\u00f3 del sector p\u00fablic a Europa - DesideDatum","isPartOf":{"@id":"https:\/\/desidedatum.com\/#website"},"datePublished":"2026-03-06T08:21:54+00:00","dateModified":"2026-03-06T08:22:01+00:00","author":{"@id":"https:\/\/desidedatum.com\/#\/schema\/person\/cbc5179087d0e44370673052d8cd7e80"},"description":"Retrospectiva dels 27 anys d\u2019obertura de dades p\u00fabliques a Europa: del Llibre Verd i la regulaci\u00f3 als est\u00e0ndards, la reutilitzaci\u00f3 i els nous espais de dades com a infraestructura de futur.","inLanguage":"ca","potentialAction":[{"@type":"ReadAction","target":["https:\/\/desidedatum.com\/ca\/vint-i-set-anys-dobertura-de-la-informacio-del-sector-public-a-europa\/"]}]},{"@type":"WebSite","@id":"https:\/\/desidedatum.com\/#website","url":"https:\/\/desidedatum.com\/","name":"DesideDatum","description":"","potentialAction":[{"@type":"SearchAction","target":{"@type":"EntryPoint","urlTemplate":"https:\/\/desidedatum.com\/?s={search_term_string}"},"query-input":"required name=search_term_string"}],"inLanguage":"ca"},{"@type":"Person","@id":"https:\/\/desidedatum.com\/#\/schema\/person\/cbc5179087d0e44370673052d8cd7e80","name":"Paula Navarro","url":"https:\/\/desidedatum.com\/ca\/author\/paula\/"}]}},"_links":{"self":[{"href":"https:\/\/desidedatum.com\/ca\/wp-json\/wp\/v2\/posts\/2263","targetHints":{"allow":["GET"]}}],"collection":[{"href":"https:\/\/desidedatum.com\/ca\/wp-json\/wp\/v2\/posts"}],"about":[{"href":"https:\/\/desidedatum.com\/ca\/wp-json\/wp\/v2\/types\/post"}],"author":[{"embeddable":true,"href":"https:\/\/desidedatum.com\/ca\/wp-json\/wp\/v2\/users\/5"}],"replies":[{"embeddable":true,"href":"https:\/\/desidedatum.com\/ca\/wp-json\/wp\/v2\/comments?post=2263"}],"version-history":[{"count":5,"href":"https:\/\/desidedatum.com\/ca\/wp-json\/wp\/v2\/posts\/2263\/revisions"}],"predecessor-version":[{"id":2295,"href":"https:\/\/desidedatum.com\/ca\/wp-json\/wp\/v2\/posts\/2263\/revisions\/2295"}],"wp:featuredmedia":[{"embeddable":true,"href":"https:\/\/desidedatum.com\/ca\/wp-json\/wp\/v2\/media\/2260"}],"wp:attachment":[{"href":"https:\/\/desidedatum.com\/ca\/wp-json\/wp\/v2\/media?parent=2263"}],"wp:term":[{"taxonomy":"category","embeddable":true,"href":"https:\/\/desidedatum.com\/ca\/wp-json\/wp\/v2\/categories?post=2263"}],"curies":[{"name":"wp","href":"https:\/\/api.w.org\/{rel}","templated":true}]}}