{"id":2269,"date":"2026-03-09T09:16:55","date_gmt":"2026-03-09T08:16:55","guid":{"rendered":"https:\/\/desidedatum.com\/?p=2269"},"modified":"2026-03-09T10:32:29","modified_gmt":"2026-03-09T09:32:29","slug":"25-mes-de-rendibilitat-limpacte-real-dels-equips-de-dades-diversos","status":"publish","type":"post","link":"https:\/\/desidedatum.com\/ca\/25-mes-de-rendibilitat-limpacte-real-dels-equips-de-dades-diversos\/","title":{"rendered":"25% m\u00e9s de rendibilitat: l&#8217;impacte real dels equips de dades diversos"},"content":{"rendered":"\n<p class=\"justificado\">En aquest 8M, en un m\u00f3n cada vegada m\u00e9s condicionat per les dades i la intel\u00b7lig\u00e8ncia artificial, reivindicar la pres\u00e8ncia de les dones en els equips tecnol\u00f2gics \u00e9s m\u00e9s important que mai. Les dades no s\u00f3n neutres: reflecteixen la mirada de qui les recull, de qui les interpreta i de qui les fa servir per prendre decisions. Per aix\u00f2, quan les dones hi s\u00f3n absents i els equips manquen de diversitat, el risc que els biaixos es reprodueixin \u2014o fins i tot s&#8217;amplifiquin\u2014 \u00e9s real i profund.&nbsp;<\/p>\n\n\n\n<p class=\"justificado\">Els estudis internacionals ho corroboren. L&#8217;informe&nbsp;<a href=\"https:\/\/www.mckinsey.com\/featured-insights\/diversity-and-inclusion\/diversity-matters-even-more-the-case-for-holistic-impact\"><em>Diversity&nbsp;Wins<\/em>&nbsp;(2020) de&nbsp;McKinsey&nbsp;&amp; Company<\/a> \u2014consultora de refer\u00e8ncia mundial en estrat\u00e8gia empresarial, present en m\u00e9s de 65 pa\u00efsos\u2014 va analitzar 1.039 empreses de 15 pa\u00efsos i va concloure que els equips diversos s\u00f3n m\u00e9s innovadors, m\u00e9s productius i fins a un&nbsp;<strong>25% m\u00e9s propensos a obtenir una rendibilitat superior<\/strong>&nbsp;a la de les empreses menys diverses en mat\u00e8ria de g\u00e8nere.&nbsp;<\/p>\n\n\n\n<p class=\"justificado\">Uns anys m\u00e9s tard, l&#8217;informe&nbsp;<em>Diversity&nbsp;Matters&nbsp;Even&nbsp;More<\/em>&nbsp;(2023) va ampliar la mostra a 8 pa\u00efsos m\u00e9s \u2014incorporant Espanya per primera vegada\u2014 i els resultats van ser encara m\u00e9s contundents: les empreses amb alta diversitat de g\u00e8nere en el lideratge van incrementar fins al&nbsp;<strong>39% les probabilitats d&#8217;obtenir una rendibilitat per sobre de la mitjana del sector<\/strong>.&nbsp;<\/p>\n\n\n\n<div class=\"wp-block-columns is-layout-flex wp-container-core-columns-is-layout-9d6595d7 wp-block-columns-is-layout-flex\">\n<div class=\"wp-block-column is-layout-flow wp-block-column-is-layout-flow\" style=\"flex-basis:100%\">\n<figure class=\"wp-block-image aligncenter size-full is-resized\"><img data-dominant-color=\"edeff1\" data-has-transparency=\"true\" loading=\"lazy\" decoding=\"async\" width=\"825\" height=\"401\" src=\"https:\/\/desidedatum.com\/wp-content\/uploads\/2026\/03\/Screenshot_1lorena.png\" alt=\"\" class=\"has-transparency wp-image-2319\" style=\"--dominant-color: #edeff1; aspect-ratio:2.215436572152255;width:643px;height:auto\" srcset=\"https:\/\/desidedatum.com\/wp-content\/uploads\/2026\/03\/Screenshot_1lorena.png 825w, https:\/\/desidedatum.com\/wp-content\/uploads\/2026\/03\/Screenshot_1lorena-768x373.png 768w\" sizes=\"auto, (max-width: 825px) 100vw, 825px\" \/><figcaption class=\"wp-element-caption\">Font: \u00a0\u00a0<a href=\"https:\/\/www.mckinsey.com\/featured-insights\/diversity-and-inclusion\/diversity-matters-even-more-the-case-for-holistic-impact\" target=\"_blank\" rel=\"noreferrer noopener\">Why diversity matters even more | McKinsey<\/a>\u00a0<\/figcaption><\/figure>\n<\/div>\n<\/div>\n\n\n\n<p>Les dades s\u00f3n clares: a major diversitat de g\u00e8nere, major probabilitat d&#8217;obtenir una rendibilitat superior.&nbsp;<\/p>\n\n\n\n<p class=\"justificado\">Per\u00f2 m\u00e9s enll\u00e0 dels n\u00fameros, la diversitat de g\u00e8nere aporta alguna cosa que cap algorisme no pot generar per si sol:&nbsp;<strong>perspectives<\/strong>. Mirades complement\u00e0ries que q\u00fcestionen sup\u00f2sits, que detecten patrons invisibles, que fan emergir necessitats sovint absents de l&#8217;an\u00e0lisi tradicional. En l&#8217;\u00e0mbit de les dades, aix\u00f2 es tradueix en sistemes m\u00e9s justos, models m\u00e9s responsables i decisions m\u00e9s inclusives.&nbsp;<\/p>\n\n\n\n<p class=\"justificado\">Quan la tecnologia es desenvolupa sense perspectiva de g\u00e8nere, les conseq\u00fc\u00e8ncies poden ser discriminat\u00f2ries: sistemes de reconeixement facial que funcionen pitjor amb dones, algorismes de selecci\u00f3 que penalitzen traject\u00f2ries professionals per ra\u00f3 de sexe o edat, o serveis p\u00fablics que ignoren patrons diferenciats de mobilitat, cura o salut. Incorporar les dones als equips de dades no \u00e9s nom\u00e9s una q\u00fcesti\u00f3 de representaci\u00f3; \u00e9s una condici\u00f3 indispensable per garantir que la digitalitzaci\u00f3 beneficia tota la societat.&nbsp;<\/p>\n\n\n\n<p class=\"justificado\">Per aix\u00f2, aquest 8 de mar\u00e7, m\u00e9s enll\u00e0 de les reivindicacions imprescindibles sobre igualtat i drets, \u00e9s tamb\u00e9 el moment de posar el focus en la necessitat d&#8217;una transformaci\u00f3 digital amb perspectiva feminista. Una transformaci\u00f3 que situ\u00ef l&#8217;\u00e8tica al centre, que faci de la diversitat un actiu estrat\u00e8gic i que entengui que la qualitat del futur digital dep\u00e8n de la pluralitat de veus que el construeixen.&nbsp;<\/p>\n\n\n\n<p>Perqu\u00e8 quan les dones entren en les dades, les dades es fan m\u00e9s humanes. I el futur, m\u00e9s just.&nbsp;<\/p>\n\n\n\n<p class=\"justificado\">Tornem a les dades. La pres\u00e8ncia masculina en el conjunt d&#8217;activitats tecnol\u00f2giques continua sent \u00e0mpliament majorit\u00e0ria a nivell estatal, especialment a la Categoria 62 de l&#8217;INE, que agrupa les professions vinculades als serveis inform\u00e0tics i tecnol\u00f2gics. Si b\u00e9 s&#8217;hi detecta un lleuger increment percentual de dones ocupades en el sector, aquest creixement \u00e9s molt inferior al dels homes \u2014fet que confirma la persist\u00e8ncia d&#8217;una desigualtat estructural que no remet.&nbsp;<\/p>\n\n\n\n<p class=\"justificado\">Aquesta realitat genera una pregunta inevitable: quin percentatge de dones, per franja d&#8217;edat, participa realment en tasques tecnol\u00f2giques dins les organitzacions \u2014tant privades com p\u00fabliques\u2014, i quantes estan implicades en decisions amb impacte tecnol\u00f2gic directe? Tenint en compte les evid\u00e8ncies citades, es tracta d&#8217;una dada d&#8217;alt valor estrat\u00e8gic.&nbsp;<\/p>\n\n\n\n<p id=\"justificado\">El diagn\u00f2stic \u00e9s clar: tot i els aven\u00e7os, la representaci\u00f3 de les dones en el sector segueix sense reflectir all\u00f2 que recomanen les evid\u00e8ncies. Les dades p\u00fabliques disponibles a Espanya ho confirmen: la realitat \u00e9s una altra.&nbsp;<\/p>\n\n\n\n<p><\/p>\n\n\n\n<div class=\"wp-block-group is-nowrap is-layout-flex wp-container-core-group-is-layout-d653275e wp-block-group-is-layout-flex\">\n<div class=\"wp-block-group is-layout-constrained wp-block-group-is-layout-constrained\">\n<figure class=\"wp-block-image alignleft size-full is-resized\"><img data-dominant-color=\"f6f6f5\" data-has-transparency=\"true\" loading=\"lazy\" decoding=\"async\" width=\"766\" height=\"370\" src=\"https:\/\/desidedatum.com\/wp-content\/uploads\/2026\/03\/Screenshot_lorena2.png\" alt=\"\" class=\"has-transparency wp-image-2321\" style=\"--dominant-color: #f6f6f5; width:617px;height:auto\"\/><\/figure>\n<\/div>\n\n\n\n<div class=\"wp-block-group is-layout-constrained wp-block-group-is-layout-constrained\">\n<figure class=\"wp-block-image alignright size-full is-resized\"><img data-dominant-color=\"f5f6f6\" data-has-transparency=\"true\" loading=\"lazy\" decoding=\"async\" width=\"761\" height=\"341\" src=\"https:\/\/desidedatum.com\/wp-content\/uploads\/2026\/03\/Screenshot_lorena3.png\" alt=\"\" class=\"has-transparency wp-image-2323\" style=\"--dominant-color: #f5f6f6; width:702px;height:auto\"\/><\/figure>\n<\/div>\n<\/div>\n\n\n\n<p><\/p>\n\n\n\n<figure class=\"wp-block-image aligncenter size-full is-resized\"><img data-dominant-color=\"f4f6f6\" data-has-transparency=\"true\" loading=\"lazy\" decoding=\"async\" width=\"813\" height=\"364\" src=\"https:\/\/desidedatum.com\/wp-content\/uploads\/2026\/03\/Screenshot_lorena4.png\" alt=\"\" class=\"has-transparency wp-image-2325\" style=\"--dominant-color: #f4f6f6; width:670px;height:auto\" srcset=\"https:\/\/desidedatum.com\/wp-content\/uploads\/2026\/03\/Screenshot_lorena4.png 813w, https:\/\/desidedatum.com\/wp-content\/uploads\/2026\/03\/Screenshot_lorena4-768x344.png 768w\" sizes=\"auto, (max-width: 813px) 100vw, 813px\" \/><figcaption class=\"wp-element-caption\">Font&nbsp;<a href=\"https:\/\/ine.es\/jaxiT3\/Datos.htm?t=65123#_tabs-grafico\" target=\"_blank\" rel=\"noreferrer noopener\">Ocupados por sexo y rama de actividad. Valores absolutos y porcentajes respecto del total de cada sexo(65123)<\/a>&nbsp;<\/figcaption><\/figure>\n\n\n\n<p class=\"justificado\">L\u2019evoluci\u00f3 de la IA no s\u2019atura, i \u00e9s imprescindible que la pres\u00e8ncia femenina augmenti en els equips tecnol\u00f2gics. Aquesta pres\u00e8ncia ha de ser tant en rols t\u00e8cnics com en posicions directives, perqu\u00e8 les decisions que es prenen a tot l\u2019ecosistema de dades incorporin una visi\u00f3 feminista necess\u00e0ria en els espais de poder i de decisi\u00f3. No es tracta de substituir la visi\u00f3 que aporten els homes, sin\u00f3 de complementar-la per enriquir-la. Aquesta complementarietat \u00e9s clau per minimitzar els biaixos que pot generar la baixa representaci\u00f3 de dones en el nou paradigma de la IA i en les organitzacions basades en dades, tant p\u00fabliques com privades.&nbsp;<\/p>\n\n\n\n<p class=\"justificado\">Un altre estudi interesant sobre la bretxa de g\u00e8nere a Catalunya surt del Bar\u00f2metre del sector tecnol\u00f2gic a Catalunya 2025 del Cercle Tecnol\u00f2gic on nom\u00e9s un 8,4 % de les empreses del sector TIC compten amb una plantilla formada en m\u00e9s d&#8217;un 50% per dones.<\/p>\n\n\n\n<figure class=\"wp-block-image aligncenter size-full is-resized\"><img data-dominant-color=\"efdedf\" data-has-transparency=\"true\" loading=\"lazy\" decoding=\"async\" width=\"773\" height=\"366\" src=\"https:\/\/desidedatum.com\/wp-content\/uploads\/2026\/03\/Screenshot_lorena5.png\" alt=\"\" class=\"has-transparency wp-image-2327\" style=\"--dominant-color: #efdedf; aspect-ratio:2.169441903019213;width:483px;height:auto\" srcset=\"https:\/\/desidedatum.com\/wp-content\/uploads\/2026\/03\/Screenshot_lorena5.png 773w, https:\/\/desidedatum.com\/wp-content\/uploads\/2026\/03\/Screenshot_lorena5-768x364.png 768w\" sizes=\"auto, (max-width: 773px) 100vw, 773px\" \/><figcaption class=\"wp-element-caption\">Font:&nbsp;<a href=\"https:\/\/coddii.org\/listado-100-mujeres-tic-referentes-en-cataluna-2025\" target=\"_blank\" rel=\"noreferrer noopener\">https:\/\/coddii.org\/listado-100-mujeres-tic-referentes-en-cataluna-2025<\/a>,&nbsp;<\/figcaption><\/figure>\n\n\n\n<p class=\"has-text-align-left justificado\">Una altra dada rellevant refor\u00e7a aquest diagn\u00f2stic. Segons el<a href=\"https:\/\/coddii.org\/listado-100-mujeres-tic-referentes-en-cataluna-2025\"> Bar\u00f2metre&nbsp;DonaTIC&nbsp;de Catalunya<\/a>, les dones representen el&nbsp;<strong>35% del sector TIC<\/strong>&nbsp;\u2014i quan es tracta de llocs de lideratge, aquesta xifra cau fins al&nbsp;<strong>26,4%<\/strong>. La paritat, per tant, continua sent una assignatura pendent: no ja com a objectiu ambici\u00f3s, sin\u00f3 com a m\u00ednim exigible.&nbsp;<\/p>\n\n\n\n<p class=\"justificado\">Per\u00f2 la dada m\u00e9s preocupant \u00e9s una altra: segons l&#8217;INE, el&nbsp;<strong>50% de les especialistes TIC abandona el sector abans dels 35 anys<\/strong>. Una p\u00e8rdua de talent que no \u00e9s casual \u2014\u00e9s el resultat de cultures organitzatives que no retenen, de traject\u00f2ries professionals que no acompanyen i d&#8217;entorns que sovint no han estat dissenyats per a elles. I que, a m\u00e9s, contradiu frontalment les evid\u00e8ncies globals sobre els beneficis de la diversitat.&nbsp;<\/p>\n\n\n\n<div class=\"wp-block-group is-content-justification-center is-nowrap is-layout-flex wp-container-core-group-is-layout-94bc23d7 wp-block-group-is-layout-flex\">\n<figure class=\"wp-block-image alignleft size-full is-resized\"><img data-dominant-color=\"e4e4df\" data-has-transparency=\"true\" loading=\"lazy\" decoding=\"async\" width=\"900\" height=\"585\" src=\"https:\/\/desidedatum.com\/wp-content\/uploads\/2026\/03\/Screenshot_lorena6.png\" alt=\"\" class=\"has-transparency wp-image-2329\" style=\"--dominant-color: #e4e4df; width:552px;height:auto\" srcset=\"https:\/\/desidedatum.com\/wp-content\/uploads\/2026\/03\/Screenshot_lorena6.png 900w, https:\/\/desidedatum.com\/wp-content\/uploads\/2026\/03\/Screenshot_lorena6-768x499.png 768w\" sizes=\"auto, (max-width: 900px) 100vw, 900px\" \/><\/figure>\n\n\n\n<figure class=\"wp-block-image alignright size-full is-resized\"><img data-dominant-color=\"f8f8f8\" data-has-transparency=\"true\" loading=\"lazy\" decoding=\"async\" width=\"746\" height=\"420\" src=\"https:\/\/desidedatum.com\/wp-content\/uploads\/2026\/03\/Screenshot_lorena7.png\" alt=\"\" class=\"has-transparency wp-image-2331\" style=\"--dominant-color: #f8f8f8; width:522px;height:auto\"\/><\/figure>\n<\/div>\n\n\n\n<figure class=\"wp-block-image aligncenter size-full is-resized\"><img data-dominant-color=\"eef0f0\" data-has-transparency=\"true\" loading=\"lazy\" decoding=\"async\" width=\"786\" height=\"400\" src=\"https:\/\/desidedatum.com\/wp-content\/uploads\/2026\/03\/Screenshot_lorena8.png\" alt=\"\" class=\"has-transparency wp-image-2333\" style=\"--dominant-color: #eef0f0; aspect-ratio:1.965114462067349;width:616px;height:auto\" srcset=\"https:\/\/desidedatum.com\/wp-content\/uploads\/2026\/03\/Screenshot_lorena8.png 786w, https:\/\/desidedatum.com\/wp-content\/uploads\/2026\/03\/Screenshot_lorena8-768x391.png 768w\" sizes=\"auto, (max-width: 786px) 100vw, 786px\" \/><figcaption class=\"wp-element-caption\">Font ODS: <a href=\"https:\/\/ine.es\/dyngs\/ODS\/es\/indicador.htm?id=4991#_subGraph16_225\" target=\"_blank\" rel=\"noreferrer noopener\">Indicadores de la Agenda 2030 para el Desarrollo Sostenible &#8211; Objetivo 5. Lograr la igualdad de g\u00e9nero y empoderar a todas las mujeres y las ni\u00f1as &#8211; Indicador 5.5.2. Proporci\u00f3n de mujeres en cargos directivos<\/a>&nbsp;<\/figcaption><\/figure>\n\n\n\n<p class=\"justificado\">Diversos&nbsp;estudis&nbsp;apunten que la&nbsp;diversitat&nbsp;de&nbsp;g\u00e8nere&nbsp;en&nbsp;els&nbsp;equips&nbsp;\u2014a&nbsp;tots&nbsp;els&nbsp;nivells,&nbsp;rols&nbsp;i&nbsp;jerarquies\u2014&nbsp;millora&nbsp;la&nbsp;qualitat&nbsp;de les&nbsp;decisions, la&nbsp;innovaci\u00f3&nbsp;i&nbsp;els&nbsp;resultats.&nbsp;Tanmateix, a mesura que les dones avancen en&nbsp;edat&nbsp;i&nbsp;traject\u00f2ria&nbsp;professional, la seva pres\u00e8ncia en c\u00e0rrecs de responsabilitat disminueix. Aquesta tend\u00e8ncia posa de manifest una contradicci\u00f3 evident entre all\u00f2 que recomana l&#8217;evid\u00e8ncia i all\u00f2 que succeeix realment en les organitzacions<\/p>\n\n\n\n<p class=\"justificado\">En un&nbsp;context&nbsp;en&nbsp;qu\u00e8&nbsp;les&nbsp;decisions&nbsp;basades en dades&nbsp;s\u00f3n&nbsp;cada vegada&nbsp;m\u00e9s&nbsp;centrals&nbsp;\u2014tant&nbsp;per entrenar la&nbsp;intel\u00b7lig\u00e8ncia&nbsp;artificial&nbsp;com&nbsp;per definir pol\u00edtiques,&nbsp;criteris&nbsp;i&nbsp;prioritats&nbsp;estrat\u00e8giques\u2014&nbsp;\u00e9s&nbsp;cr\u00edtic&nbsp;que les persones que les&nbsp;prenen&nbsp;representin&nbsp;la&nbsp;diversitat&nbsp;de la&nbsp;societat. Si&nbsp;els&nbsp;llocs&nbsp;clau&nbsp;\u2014CDO, responsable de dades i altres posicions directives &#8211; no incorporen la visi\u00f3 femenina, estem condicionant el present i limitant el futur immediat.<\/p>\n\n\n\n<p class=\"justificado\">Cal preguntar-nos quina societat volem construir. Potser \u00e9s el moment de fer una an\u00e0lisi aprofundida per identificar on i per qu\u00e8 les dones no estan sent incloses, per quines raon tantes professionals abandonen el sector TIC abans dels 35 anys, i actuar decididament per diversificar els espais de poder i decisi\u00f3 sobre dades. Sabe, que la visi\u00f3 femenina en la gesti\u00f3 de projectes tecnol\u00f2gics i de serveis digitals contribueix a millorar la qualitat del producte final i a incrementar la satisfacci\u00f3 de les persones usu\u00e0ries. <\/p>\n\n\n\n<p class=\"justificado\">Hi ha, a&nbsp;m\u00e9s, una&nbsp;q\u00fcesti\u00f3&nbsp;que&nbsp;mereix&nbsp;una&nbsp;reflexi\u00f3&nbsp;espec\u00edfica: per&nbsp;qu\u00e8&nbsp;els&nbsp;rols&nbsp;que conformen&nbsp;els&nbsp;equips&nbsp;de&nbsp;treball&nbsp;vinculats a les dades continuen apareixent en mascul\u00ed en els marcs de refer\u00e8ncia i est\u00e0ndards professionals? \u00c9s el cas, per exemple, dels rols de gesti\u00f3 de dades recollits a la p\u00e0gina 538 del DAMA-DMBOK: <em>Gu\u00eda del Conocimiento para la Gesti\u00f3n de Datos<\/em>&nbsp;(2a&nbsp;edici\u00f3&nbsp;en&nbsp;espanyol). El&nbsp;llenguatge&nbsp;no&nbsp;\u00e9s&nbsp;neutral:&nbsp;all\u00f2&nbsp;que no es&nbsp;nomena, no&nbsp;existeix.&nbsp;<\/p>\n\n\n\n<p class=\"justificado\">En un&nbsp;dia&nbsp;com&nbsp;avui,&nbsp;reivindiquem&nbsp;una&nbsp;major&nbsp;pres\u00e8ncia&nbsp;de dones&nbsp;amb&nbsp;capacitat&nbsp;real de&nbsp;decisi\u00f3&nbsp;sobre les dades que&nbsp;governen&nbsp;el&nbsp;dia&nbsp;a&nbsp;dia&nbsp;de les&nbsp;nostres&nbsp;administracions&nbsp;i&nbsp;empreses.&nbsp;Com&nbsp;a&nbsp;emissores&nbsp;i&nbsp;com&nbsp;a receptores&nbsp;d&#8217;aquestes&nbsp;dades, totes les persones&nbsp;formem&nbsp;part&nbsp;de la&nbsp;ciutadania. Per&nbsp;aix\u00f2&nbsp;cal garantir que les pol\u00edtiques p\u00fabliques i corporatives es&nbsp;construeixin&nbsp;sense cap mena de discriminaci\u00f3 de g\u00e8nere. Nom\u00e9s aix\u00ed podrem avan\u00e7ar cap a una societat m\u00e9s justa , inclusiva i representativa. <\/p>\n\n\n\n<p><\/p>\n","protected":false},"excerpt":{"rendered":"<p>En aquest 8M, en un m\u00f3n cada vegada m\u00e9s condicionat per les dades i la intel\u00b7lig\u00e8ncia artificial, reivindicar la pres\u00e8ncia de les dones en els equips tecnol\u00f2gics \u00e9s m\u00e9s important que mai. Les dades no s\u00f3n neutres: reflecteixen la mirada de qui les recull, de qui les interpreta i de qui les fa servir per&nbsp; <a href=\"https:\/\/desidedatum.com\/ca\/25-mes-de-rendibilitat-limpacte-real-dels-equips-de-dades-diversos\/\">&hellip; Read more <i class=\"glyphicon glyphicon-arrow-right\"><\/i><\/a><\/p>\n","protected":false},"author":5,"featured_media":2280,"comment_status":"closed","ping_status":"open","sticky":false,"template":"","format":"standard","meta":{"om_disable_all_campaigns":false,"inline_featured_image":false,"_monsterinsights_skip_tracking":false,"_monsterinsights_sitenote_active":false,"_monsterinsights_sitenote_note":"","_monsterinsights_sitenote_category":0,"footnotes":""},"categories":[5],"class_list":["post-2269","post","type-post","status-publish","format-standard","has-post-thumbnail","hentry","category-uncategorized-ca"],"acf":[],"aioseo_notices":[],"yoast_head":"<!-- This site is optimized with the Yoast SEO plugin v20.2.1 - https:\/\/yoast.com\/wordpress\/plugins\/seo\/ -->\n<title>25% m\u00e9s de rendibilitat: l&#039;impacte real dels equips de dades diversos - DesideDatum<\/title>\n<meta name=\"description\" content=\"Les dades no s\u00f3n neutres: reflecteixen qui les construeix. En el 8M, reivindiquem m\u00e9s dones en els equips tecnol\u00f2gics i de dades per garantir una IA m\u00e9s justa, \u00e8tica i representativa de tota la societat.\" \/>\n<meta name=\"robots\" content=\"index, follow, max-snippet:-1, max-image-preview:large, max-video-preview:-1\" \/>\n<link rel=\"canonical\" href=\"https:\/\/desidedatum.com\/ca\/25-mes-de-rendibilitat-limpacte-real-dels-equips-de-dades-diversos\/\" \/>\n<meta property=\"og:locale\" content=\"ca_ES\" \/>\n<meta property=\"og:type\" content=\"article\" \/>\n<meta property=\"og:title\" content=\"25% m\u00e9s de rendibilitat: l&#039;impacte real dels equips de dades diversos - DesideDatum\" \/>\n<meta property=\"og:description\" content=\"Les dades no s\u00f3n neutres: reflecteixen qui les construeix. En el 8M, reivindiquem m\u00e9s dones en els equips tecnol\u00f2gics i de dades per garantir una IA m\u00e9s justa, \u00e8tica i representativa de tota la societat.\" \/>\n<meta property=\"og:url\" content=\"https:\/\/desidedatum.com\/ca\/25-mes-de-rendibilitat-limpacte-real-dels-equips-de-dades-diversos\/\" \/>\n<meta property=\"og:site_name\" content=\"DesideDatum\" \/>\n<meta property=\"article:published_time\" content=\"2026-03-09T08:16:55+00:00\" \/>\n<meta property=\"article:modified_time\" content=\"2026-03-09T09:32:29+00:00\" \/>\n<meta property=\"og:image\" content=\"https:\/\/desidedatum.com\/wp-content\/uploads\/2026\/03\/cartell-article-8M-1.png\" \/>\n\t<meta property=\"og:image:width\" content=\"1414\" \/>\n\t<meta property=\"og:image:height\" content=\"2000\" \/>\n\t<meta property=\"og:image:type\" content=\"image\/png\" \/>\n<meta name=\"author\" content=\"Paula Navarro\" \/>\n<meta name=\"twitter:card\" content=\"summary_large_image\" \/>\n<meta name=\"twitter:creator\" content=\"@desidedatum\" \/>\n<meta name=\"twitter:site\" content=\"@desidedatum\" \/>\n<meta name=\"twitter:label1\" content=\"Escrit per\" \/>\n\t<meta name=\"twitter:data1\" content=\"Paula Navarro\" \/>\n\t<meta name=\"twitter:label2\" content=\"Temps estimat de lectura\" \/>\n\t<meta name=\"twitter:data2\" content=\"8 minuts\" \/>\n<script type=\"application\/ld+json\" class=\"yoast-schema-graph\">{\"@context\":\"https:\/\/schema.org\",\"@graph\":[{\"@type\":\"WebPage\",\"@id\":\"https:\/\/desidedatum.com\/ca\/25-mes-de-rendibilitat-limpacte-real-dels-equips-de-dades-diversos\/\",\"url\":\"https:\/\/desidedatum.com\/ca\/25-mes-de-rendibilitat-limpacte-real-dels-equips-de-dades-diversos\/\",\"name\":\"25% m\u00e9s de rendibilitat: l'impacte real dels equips de dades diversos - DesideDatum\",\"isPartOf\":{\"@id\":\"https:\/\/desidedatum.com\/#website\"},\"datePublished\":\"2026-03-09T08:16:55+00:00\",\"dateModified\":\"2026-03-09T09:32:29+00:00\",\"author\":{\"@id\":\"https:\/\/desidedatum.com\/#\/schema\/person\/cbc5179087d0e44370673052d8cd7e80\"},\"description\":\"Les dades no s\u00f3n neutres: reflecteixen qui les construeix. En el 8M, reivindiquem m\u00e9s dones en els equips tecnol\u00f2gics i de dades per garantir una IA m\u00e9s justa, \u00e8tica i representativa de tota la societat.\",\"inLanguage\":\"ca\",\"potentialAction\":[{\"@type\":\"ReadAction\",\"target\":[\"https:\/\/desidedatum.com\/ca\/25-mes-de-rendibilitat-limpacte-real-dels-equips-de-dades-diversos\/\"]}]},{\"@type\":\"WebSite\",\"@id\":\"https:\/\/desidedatum.com\/#website\",\"url\":\"https:\/\/desidedatum.com\/\",\"name\":\"DesideDatum\",\"description\":\"\",\"potentialAction\":[{\"@type\":\"SearchAction\",\"target\":{\"@type\":\"EntryPoint\",\"urlTemplate\":\"https:\/\/desidedatum.com\/?s={search_term_string}\"},\"query-input\":\"required name=search_term_string\"}],\"inLanguage\":\"ca\"},{\"@type\":\"Person\",\"@id\":\"https:\/\/desidedatum.com\/#\/schema\/person\/cbc5179087d0e44370673052d8cd7e80\",\"name\":\"Paula Navarro\",\"url\":\"https:\/\/desidedatum.com\/ca\/author\/paula\/\"}]}<\/script>\n<!-- \/ Yoast SEO plugin. -->","yoast_head_json":{"title":"25% m\u00e9s de rendibilitat: l'impacte real dels equips de dades diversos - DesideDatum","description":"Les dades no s\u00f3n neutres: reflecteixen qui les construeix. En el 8M, reivindiquem m\u00e9s dones en els equips tecnol\u00f2gics i de dades per garantir una IA m\u00e9s justa, \u00e8tica i representativa de tota la societat.","robots":{"index":"index","follow":"follow","max-snippet":"max-snippet:-1","max-image-preview":"max-image-preview:large","max-video-preview":"max-video-preview:-1"},"canonical":"https:\/\/desidedatum.com\/ca\/25-mes-de-rendibilitat-limpacte-real-dels-equips-de-dades-diversos\/","og_locale":"ca_ES","og_type":"article","og_title":"25% m\u00e9s de rendibilitat: l'impacte real dels equips de dades diversos - DesideDatum","og_description":"Les dades no s\u00f3n neutres: reflecteixen qui les construeix. En el 8M, reivindiquem m\u00e9s dones en els equips tecnol\u00f2gics i de dades per garantir una IA m\u00e9s justa, \u00e8tica i representativa de tota la societat.","og_url":"https:\/\/desidedatum.com\/ca\/25-mes-de-rendibilitat-limpacte-real-dels-equips-de-dades-diversos\/","og_site_name":"DesideDatum","article_published_time":"2026-03-09T08:16:55+00:00","article_modified_time":"2026-03-09T09:32:29+00:00","og_image":[{"width":1414,"height":2000,"url":"https:\/\/desidedatum.com\/wp-content\/uploads\/2026\/03\/cartell-article-8M-1.png","type":"image\/png"}],"author":"Paula Navarro","twitter_card":"summary_large_image","twitter_creator":"@desidedatum","twitter_site":"@desidedatum","twitter_misc":{"Escrit per":"Paula Navarro","Temps estimat de lectura":"8 minuts"},"schema":{"@context":"https:\/\/schema.org","@graph":[{"@type":"WebPage","@id":"https:\/\/desidedatum.com\/ca\/25-mes-de-rendibilitat-limpacte-real-dels-equips-de-dades-diversos\/","url":"https:\/\/desidedatum.com\/ca\/25-mes-de-rendibilitat-limpacte-real-dels-equips-de-dades-diversos\/","name":"25% m\u00e9s de rendibilitat: l'impacte real dels equips de dades diversos - DesideDatum","isPartOf":{"@id":"https:\/\/desidedatum.com\/#website"},"datePublished":"2026-03-09T08:16:55+00:00","dateModified":"2026-03-09T09:32:29+00:00","author":{"@id":"https:\/\/desidedatum.com\/#\/schema\/person\/cbc5179087d0e44370673052d8cd7e80"},"description":"Les dades no s\u00f3n neutres: reflecteixen qui les construeix. En el 8M, reivindiquem m\u00e9s dones en els equips tecnol\u00f2gics i de dades per garantir una IA m\u00e9s justa, \u00e8tica i representativa de tota la societat.","inLanguage":"ca","potentialAction":[{"@type":"ReadAction","target":["https:\/\/desidedatum.com\/ca\/25-mes-de-rendibilitat-limpacte-real-dels-equips-de-dades-diversos\/"]}]},{"@type":"WebSite","@id":"https:\/\/desidedatum.com\/#website","url":"https:\/\/desidedatum.com\/","name":"DesideDatum","description":"","potentialAction":[{"@type":"SearchAction","target":{"@type":"EntryPoint","urlTemplate":"https:\/\/desidedatum.com\/?s={search_term_string}"},"query-input":"required name=search_term_string"}],"inLanguage":"ca"},{"@type":"Person","@id":"https:\/\/desidedatum.com\/#\/schema\/person\/cbc5179087d0e44370673052d8cd7e80","name":"Paula Navarro","url":"https:\/\/desidedatum.com\/ca\/author\/paula\/"}]}},"_links":{"self":[{"href":"https:\/\/desidedatum.com\/ca\/wp-json\/wp\/v2\/posts\/2269","targetHints":{"allow":["GET"]}}],"collection":[{"href":"https:\/\/desidedatum.com\/ca\/wp-json\/wp\/v2\/posts"}],"about":[{"href":"https:\/\/desidedatum.com\/ca\/wp-json\/wp\/v2\/types\/post"}],"author":[{"embeddable":true,"href":"https:\/\/desidedatum.com\/ca\/wp-json\/wp\/v2\/users\/5"}],"replies":[{"embeddable":true,"href":"https:\/\/desidedatum.com\/ca\/wp-json\/wp\/v2\/comments?post=2269"}],"version-history":[{"count":7,"href":"https:\/\/desidedatum.com\/ca\/wp-json\/wp\/v2\/posts\/2269\/revisions"}],"predecessor-version":[{"id":2335,"href":"https:\/\/desidedatum.com\/ca\/wp-json\/wp\/v2\/posts\/2269\/revisions\/2335"}],"wp:featuredmedia":[{"embeddable":true,"href":"https:\/\/desidedatum.com\/ca\/wp-json\/wp\/v2\/media\/2280"}],"wp:attachment":[{"href":"https:\/\/desidedatum.com\/ca\/wp-json\/wp\/v2\/media?parent=2269"}],"wp:term":[{"taxonomy":"category","embeddable":true,"href":"https:\/\/desidedatum.com\/ca\/wp-json\/wp\/v2\/categories?post=2269"}],"curies":[{"name":"wp","href":"https:\/\/api.w.org\/{rel}","templated":true}]}}